{"id":2249,"date":"2025-11-30T19:45:45","date_gmt":"2025-11-30T19:45:45","guid":{"rendered":"https:\/\/ibc-zh.ch\/?p=2249"},"modified":"2025-12-02T19:48:09","modified_gmt":"2025-12-02T19:48:09","slug":"poklon-umra-dzematliji-samiru-hodzicu","status":"publish","type":"post","link":"https:\/\/ibc-zh.ch\/ba\/poklon-umra-dzematliji-samiru-hodzicu\/","title":{"rendered":"Poklon umra d\u017eematliji Samiru Hod\u017ei\u0107u"},"content":{"rendered":"<p>U nedjelju 30. 11. 2025. godine nakon sabah-namaza je dodijeljena poklon umra d\u017eematliji Samiru Hod\u017ei\u0107u. Sanel-ef. Hod\u017ei\u0107 je poslije sabah-namaza biranim riije\u010dima govorio o vrijednosti i snazi ovoga d\u017eemata. Potvrda tome je i opredijeljenost dijela d\u017eematlija okupljenih u grupi &#8222;D\u017eamijski golubovi&#8220; koji su donirali potrebna sredstva za umru. Samir Hod\u017ei\u0107 se kratko obratio d\u017eematlijama gdje im se od srca zahvalio. Predsjednik Upravnog odbora Ernad Hujdur je tako\u0111e\u0161 \u010destitao Samiru umru, po\u017eelio mu sretan put te mu uru\u010dio prikupljeni novac.<\/p>\n\n\n\n<figure class=\"wp-block-image size-large\"><img loading=\"lazy\" decoding=\"async\" width=\"1024\" height=\"768\" src=\"https:\/\/ibc-zh.ch\/wp-content\/uploads\/2025\/12\/sabah-umra-1024x768.jpeg\" alt=\"\" class=\"wp-image-2250\" srcset=\"https:\/\/ibc-zh.ch\/wp-content\/uploads\/2025\/12\/sabah-umra-1024x768.jpeg 1024w, https:\/\/ibc-zh.ch\/wp-content\/uploads\/2025\/12\/sabah-umra-300x225.jpeg 300w, https:\/\/ibc-zh.ch\/wp-content\/uploads\/2025\/12\/sabah-umra-768x576.jpeg 768w, https:\/\/ibc-zh.ch\/wp-content\/uploads\/2025\/12\/sabah-umra-1536x1152.jpeg 1536w, https:\/\/ibc-zh.ch\/wp-content\/uploads\/2025\/12\/sabah-umra-16x12.jpeg 16w, https:\/\/ibc-zh.ch\/wp-content\/uploads\/2025\/12\/sabah-umra.jpeg 2000w\" sizes=\"auto, (max-width: 1024px) 100vw, 1024px\" \/><\/figure>\n\n\n\n<figure class=\"wp-block-image size-large\"><img loading=\"lazy\" decoding=\"async\" width=\"632\" height=\"1024\" src=\"https:\/\/ibc-zh.ch\/wp-content\/uploads\/2025\/12\/umra-poklon-632x1024.jpeg\" alt=\"\" class=\"wp-image-2251\" srcset=\"https:\/\/ibc-zh.ch\/wp-content\/uploads\/2025\/12\/umra-poklon-632x1024.jpeg 632w, https:\/\/ibc-zh.ch\/wp-content\/uploads\/2025\/12\/umra-poklon-185x300.jpeg 185w, https:\/\/ibc-zh.ch\/wp-content\/uploads\/2025\/12\/umra-poklon-768x1245.jpeg 768w, https:\/\/ibc-zh.ch\/wp-content\/uploads\/2025\/12\/umra-poklon-948x1536.jpeg 948w, https:\/\/ibc-zh.ch\/wp-content\/uploads\/2025\/12\/umra-poklon-7x12.jpeg 7w, https:\/\/ibc-zh.ch\/wp-content\/uploads\/2025\/12\/umra-poklon.jpeg 1153w\" sizes=\"auto, (max-width: 632px) 100vw, 632px\" \/><\/figure>","protected":false},"excerpt":{"rendered":"<p>U nedjelju 30. 11. 2025. godine nakon sabah-namaza je dodijeljena poklon umra d\u017eematliji Samiru Hod\u017ei\u0107u. Sanel-ef. Hod\u017ei\u0107 je poslije sabah-namaza biranim riije\u010dima govorio o vrijednosti i snazi ovoga d\u017eemata. Potvrda tome je i opredijeljenost dijela d\u017eematlija okupljenih u grupi &#8222;D\u017eamijski golubovi&#8220; koji su donirali potrebna sredstva za umru. Samir Hod\u017ei\u0107 se kratko obratio d\u017eematlijama gdje [&hellip;]<\/p>\n","protected":false},"author":1,"featured_media":2250,"comment_status":"closed","ping_status":"","sticky":false,"template":"","format":"standard","meta":{"site-sidebar-layout":"default","site-content-layout":"","ast-site-content-layout":"default","site-content-style":"default","site-sidebar-style":"default","ast-global-header-display":"","ast-banner-title-visibility":"","ast-main-header-display":"","ast-hfb-above-header-display":"","ast-hfb-below-header-display":"","ast-hfb-mobile-header-display":"","site-post-title":"","ast-breadcrumbs-content":"","ast-featured-img":"disabled","footer-sml-layout":"","theme-transparent-header-meta":"","adv-header-id-meta":"","stick-header-meta":"","header-above-stick-meta":"","header-main-stick-meta":"","header-below-stick-meta":"","astra-migrate-meta-layouts":"set","ast-page-background-enabled":"default","ast-page-background-meta":{"desktop":{"background-color":"","background-image":"","background-repeat":"repeat","background-position":"center center","background-size":"auto","background-attachment":"scroll","background-type":"","background-media":"","overlay-type":"","overlay-color":"","overlay-opacity":"","overlay-gradient":""},"tablet":{"background-color":"","background-image":"","background-repeat":"repeat","background-position":"center center","background-size":"auto","background-attachment":"scroll","background-type":"","background-media":"","overlay-type":"","overlay-color":"","overlay-opacity":"","overlay-gradient":""},"mobile":{"background-color":"","background-image":"","background-repeat":"repeat","background-position":"center center","background-size":"auto","background-attachment":"scroll","background-type":"","background-media":"","overlay-type":"","overlay-color":"","overlay-opacity":"","overlay-gradient":""}},"ast-content-background-meta":{"desktop":{"background-color":"var(--ast-global-color-5)","background-image":"","background-repeat":"repeat","background-position":"center center","background-size":"auto","background-attachment":"scroll","background-type":"","background-media":"","overlay-type":"","overlay-color":"","overlay-opacity":"","overlay-gradient":""},"tablet":{"background-color":"var(--ast-global-color-5)","background-image":"","background-repeat":"repeat","background-position":"center center","background-size":"auto","background-attachment":"scroll","background-type":"","background-media":"","overlay-type":"","overlay-color":"","overlay-opacity":"","overlay-gradient":""},"mobile":{"background-color":"var(--ast-global-color-5)","background-image":"","background-repeat":"repeat","background-position":"center center","background-size":"auto","background-attachment":"scroll","background-type":"","background-media":"","overlay-type":"","overlay-color":"","overlay-opacity":"","overlay-gradient":""}},"footnotes":""},"categories":[75],"tags":[],"class_list":["post-2249","post","type-post","status-publish","format-standard","has-post-thumbnail","hentry","category-dzemat"],"yoast_head":"<!-- This site is optimized with the Yoast SEO plugin v27.3 - https:\/\/yoast.com\/product\/yoast-seo-wordpress\/ -->\n<title>Poklon umra d\u017eematliji Samiru Hod\u017ei\u0107u - Dzemat der islamischen Gemeinschaft Bosniens Z\u00fcrich<\/title>\n<meta name=\"robots\" content=\"index, follow, max-snippet:-1, max-image-preview:large, max-video-preview:-1\" \/>\n<link rel=\"canonical\" href=\"https:\/\/ibc-zh.ch\/ba\/poklon-umra-dzematliji-samiru-hodzicu\/\" \/>\n<meta property=\"og:locale\" content=\"bs_BA\" \/>\n<meta property=\"og:type\" content=\"article\" \/>\n<meta property=\"og:title\" content=\"Poklon umra d\u017eematliji Samiru Hod\u017ei\u0107u - Dzemat der islamischen Gemeinschaft Bosniens Z\u00fcrich\" \/>\n<meta property=\"og:description\" content=\"U nedjelju 30. 11. 2025. godine nakon sabah-namaza je dodijeljena poklon umra d\u017eematliji Samiru Hod\u017ei\u0107u. Sanel-ef. Hod\u017ei\u0107 je poslije sabah-namaza biranim riije\u010dima govorio o vrijednosti i snazi ovoga d\u017eemata. Potvrda tome je i opredijeljenost dijela d\u017eematlija okupljenih u grupi &#8222;D\u017eamijski golubovi&#8220; koji su donirali potrebna sredstva za umru. Samir Hod\u017ei\u0107 se kratko obratio d\u017eematlijama gdje [&hellip;]\" \/>\n<meta property=\"og:url\" content=\"https:\/\/ibc-zh.ch\/ba\/poklon-umra-dzematliji-samiru-hodzicu\/\" \/>\n<meta property=\"og:site_name\" content=\"Dzemat der islamischen Gemeinschaft Bosniens Z\u00fcrich\" \/>\n<meta property=\"article:publisher\" content=\"https:\/\/www.facebook.com\/dzematcirih\" \/>\n<meta property=\"article:published_time\" content=\"2025-11-30T19:45:45+00:00\" \/>\n<meta property=\"article:modified_time\" content=\"2025-12-02T19:48:09+00:00\" \/>\n<meta property=\"og:image\" content=\"https:\/\/ibc-zh.ch\/wp-content\/uploads\/2025\/12\/sabah-umra.jpeg\" \/>\n\t<meta property=\"og:image:width\" content=\"2000\" \/>\n\t<meta property=\"og:image:height\" content=\"1500\" \/>\n\t<meta property=\"og:image:type\" content=\"image\/jpeg\" \/>\n<meta name=\"author\" content=\"ibcadmin\" \/>\n<meta name=\"twitter:card\" content=\"summary_large_image\" \/>\n<meta name=\"twitter:label1\" content=\"Written by\" \/>\n\t<meta name=\"twitter:data1\" content=\"ibcadmin\" \/>\n<script type=\"application\/ld+json\" class=\"yoast-schema-graph\">{\"@context\":\"https:\\\/\\\/schema.org\",\"@graph\":[{\"@type\":\"Article\",\"@id\":\"https:\\\/\\\/ibc-zh.ch\\\/poklon-umra-dzematliji-samiru-hodzicu\\\/#article\",\"isPartOf\":{\"@id\":\"https:\\\/\\\/ibc-zh.ch\\\/poklon-umra-dzematliji-samiru-hodzicu\\\/\"},\"author\":{\"name\":\"ibcadmin\",\"@id\":\"https:\\\/\\\/ibc-zh.ch\\\/#\\\/schema\\\/person\\\/5f4ccac8696df901b277d8642bbfb936\"},\"headline\":\"Poklon umra d\u017eematliji Samiru Hod\u017ei\u0107u\",\"datePublished\":\"2025-11-30T19:45:45+00:00\",\"dateModified\":\"2025-12-02T19:48:09+00:00\",\"mainEntityOfPage\":{\"@id\":\"https:\\\/\\\/ibc-zh.ch\\\/poklon-umra-dzematliji-samiru-hodzicu\\\/\"},\"wordCount\":97,\"publisher\":{\"@id\":\"https:\\\/\\\/ibc-zh.ch\\\/#organization\"},\"image\":{\"@id\":\"https:\\\/\\\/ibc-zh.ch\\\/poklon-umra-dzematliji-samiru-hodzicu\\\/#primaryimage\"},\"thumbnailUrl\":\"https:\\\/\\\/ibc-zh.ch\\\/wp-content\\\/uploads\\\/2025\\\/12\\\/sabah-umra.jpeg\",\"articleSection\":[\"D\u017eemat\"],\"inLanguage\":\"bs-BA\"},{\"@type\":\"WebPage\",\"@id\":\"https:\\\/\\\/ibc-zh.ch\\\/poklon-umra-dzematliji-samiru-hodzicu\\\/\",\"url\":\"https:\\\/\\\/ibc-zh.ch\\\/poklon-umra-dzematliji-samiru-hodzicu\\\/\",\"name\":\"Poklon umra d\u017eematliji Samiru Hod\u017ei\u0107u - Dzemat der islamischen Gemeinschaft Bosniens Z\u00fcrich\",\"isPartOf\":{\"@id\":\"https:\\\/\\\/ibc-zh.ch\\\/#website\"},\"primaryImageOfPage\":{\"@id\":\"https:\\\/\\\/ibc-zh.ch\\\/poklon-umra-dzematliji-samiru-hodzicu\\\/#primaryimage\"},\"image\":{\"@id\":\"https:\\\/\\\/ibc-zh.ch\\\/poklon-umra-dzematliji-samiru-hodzicu\\\/#primaryimage\"},\"thumbnailUrl\":\"https:\\\/\\\/ibc-zh.ch\\\/wp-content\\\/uploads\\\/2025\\\/12\\\/sabah-umra.jpeg\",\"datePublished\":\"2025-11-30T19:45:45+00:00\",\"dateModified\":\"2025-12-02T19:48:09+00:00\",\"breadcrumb\":{\"@id\":\"https:\\\/\\\/ibc-zh.ch\\\/poklon-umra-dzematliji-samiru-hodzicu\\\/#breadcrumb\"},\"inLanguage\":\"bs-BA\",\"potentialAction\":[{\"@type\":\"ReadAction\",\"target\":[\"https:\\\/\\\/ibc-zh.ch\\\/poklon-umra-dzematliji-samiru-hodzicu\\\/\"]}]},{\"@type\":\"ImageObject\",\"inLanguage\":\"bs-BA\",\"@id\":\"https:\\\/\\\/ibc-zh.ch\\\/poklon-umra-dzematliji-samiru-hodzicu\\\/#primaryimage\",\"url\":\"https:\\\/\\\/ibc-zh.ch\\\/wp-content\\\/uploads\\\/2025\\\/12\\\/sabah-umra.jpeg\",\"contentUrl\":\"https:\\\/\\\/ibc-zh.ch\\\/wp-content\\\/uploads\\\/2025\\\/12\\\/sabah-umra.jpeg\",\"width\":2000,\"height\":1500},{\"@type\":\"BreadcrumbList\",\"@id\":\"https:\\\/\\\/ibc-zh.ch\\\/poklon-umra-dzematliji-samiru-hodzicu\\\/#breadcrumb\",\"itemListElement\":[{\"@type\":\"ListItem\",\"position\":1,\"name\":\"Startseite\",\"item\":\"https:\\\/\\\/ibc-zh.ch\\\/\"},{\"@type\":\"ListItem\",\"position\":2,\"name\":\"Poklon umra d\u017eematliji Samiru Hod\u017ei\u0107u\"}]},{\"@type\":\"WebSite\",\"@id\":\"https:\\\/\\\/ibc-zh.ch\\\/#website\",\"url\":\"https:\\\/\\\/ibc-zh.ch\\\/\",\"name\":\"Dzemat der islamischen Gemeinschaft Bosniens Z\u00fcrich\",\"description\":\"Islamska zajednica Bo\u0161njaka u \u0160vicarskoj Dzemat ZH\",\"publisher\":{\"@id\":\"https:\\\/\\\/ibc-zh.ch\\\/#organization\"},\"potentialAction\":[{\"@type\":\"SearchAction\",\"target\":{\"@type\":\"EntryPoint\",\"urlTemplate\":\"https:\\\/\\\/ibc-zh.ch\\\/?s={search_term_string}\"},\"query-input\":{\"@type\":\"PropertyValueSpecification\",\"valueRequired\":true,\"valueName\":\"search_term_string\"}}],\"inLanguage\":\"bs-BA\"},{\"@type\":\"Organization\",\"@id\":\"https:\\\/\\\/ibc-zh.ch\\\/#organization\",\"name\":\"D\u017eemat Z\u00fcrich\",\"url\":\"https:\\\/\\\/ibc-zh.ch\\\/\",\"logo\":{\"@type\":\"ImageObject\",\"inLanguage\":\"bs-BA\",\"@id\":\"https:\\\/\\\/ibc-zh.ch\\\/#\\\/schema\\\/logo\\\/image\\\/\",\"url\":\"https:\\\/\\\/ibc-zh.ch\\\/wp-content\\\/uploads\\\/2024\\\/05\\\/cropped-ibc-logo.png\",\"contentUrl\":\"https:\\\/\\\/ibc-zh.ch\\\/wp-content\\\/uploads\\\/2024\\\/05\\\/cropped-ibc-logo.png\",\"width\":300,\"height\":300,\"caption\":\"D\u017eemat Z\u00fcrich\"},\"image\":{\"@id\":\"https:\\\/\\\/ibc-zh.ch\\\/#\\\/schema\\\/logo\\\/image\\\/\"},\"sameAs\":[\"https:\\\/\\\/www.facebook.com\\\/dzematcirih\"]},{\"@type\":\"Person\",\"@id\":\"https:\\\/\\\/ibc-zh.ch\\\/#\\\/schema\\\/person\\\/5f4ccac8696df901b277d8642bbfb936\",\"name\":\"ibcadmin\",\"image\":{\"@type\":\"ImageObject\",\"inLanguage\":\"bs-BA\",\"@id\":\"https:\\\/\\\/secure.gravatar.com\\\/avatar\\\/c759c5ecdeb38b55d8ed0e5e54ec249493995e80a34c8cba9afeda46649d9dfd?s=96&d=mm&r=g\",\"url\":\"https:\\\/\\\/secure.gravatar.com\\\/avatar\\\/c759c5ecdeb38b55d8ed0e5e54ec249493995e80a34c8cba9afeda46649d9dfd?s=96&d=mm&r=g\",\"contentUrl\":\"https:\\\/\\\/secure.gravatar.com\\\/avatar\\\/c759c5ecdeb38b55d8ed0e5e54ec249493995e80a34c8cba9afeda46649d9dfd?s=96&d=mm&r=g\",\"caption\":\"ibcadmin\"},\"sameAs\":[\"https:\\\/\\\/ibc-zh.ch\\\/wp\"],\"url\":\"https:\\\/\\\/ibc-zh.ch\\\/ba\\\/author\\\/ibcadmin\\\/\"}]}<\/script>\n<!-- \/ Yoast SEO plugin. -->","yoast_head_json":{"title":"Poklon umra d\u017eematliji Samiru Hod\u017ei\u0107u - Dzemat der islamischen Gemeinschaft Bosniens Z\u00fcrich","robots":{"index":"index","follow":"follow","max-snippet":"max-snippet:-1","max-image-preview":"max-image-preview:large","max-video-preview":"max-video-preview:-1"},"canonical":"https:\/\/ibc-zh.ch\/ba\/poklon-umra-dzematliji-samiru-hodzicu\/","og_locale":"bs_BA","og_type":"article","og_title":"Poklon umra d\u017eematliji Samiru Hod\u017ei\u0107u - Dzemat der islamischen Gemeinschaft Bosniens Z\u00fcrich","og_description":"U nedjelju 30. 11. 2025. godine nakon sabah-namaza je dodijeljena poklon umra d\u017eematliji Samiru Hod\u017ei\u0107u. Sanel-ef. Hod\u017ei\u0107 je poslije sabah-namaza biranim riije\u010dima govorio o vrijednosti i snazi ovoga d\u017eemata. Potvrda tome je i opredijeljenost dijela d\u017eematlija okupljenih u grupi &#8222;D\u017eamijski golubovi&#8220; koji su donirali potrebna sredstva za umru. Samir Hod\u017ei\u0107 se kratko obratio d\u017eematlijama gdje [&hellip;]","og_url":"https:\/\/ibc-zh.ch\/ba\/poklon-umra-dzematliji-samiru-hodzicu\/","og_site_name":"Dzemat der islamischen Gemeinschaft Bosniens Z\u00fcrich","article_publisher":"https:\/\/www.facebook.com\/dzematcirih","article_published_time":"2025-11-30T19:45:45+00:00","article_modified_time":"2025-12-02T19:48:09+00:00","og_image":[{"width":2000,"height":1500,"url":"https:\/\/ibc-zh.ch\/wp-content\/uploads\/2025\/12\/sabah-umra.jpeg","type":"image\/jpeg"}],"author":"ibcadmin","twitter_card":"summary_large_image","twitter_misc":{"Written by":"ibcadmin"},"schema":{"@context":"https:\/\/schema.org","@graph":[{"@type":"Article","@id":"https:\/\/ibc-zh.ch\/poklon-umra-dzematliji-samiru-hodzicu\/#article","isPartOf":{"@id":"https:\/\/ibc-zh.ch\/poklon-umra-dzematliji-samiru-hodzicu\/"},"author":{"name":"ibcadmin","@id":"https:\/\/ibc-zh.ch\/#\/schema\/person\/5f4ccac8696df901b277d8642bbfb936"},"headline":"Poklon umra d\u017eematliji Samiru Hod\u017ei\u0107u","datePublished":"2025-11-30T19:45:45+00:00","dateModified":"2025-12-02T19:48:09+00:00","mainEntityOfPage":{"@id":"https:\/\/ibc-zh.ch\/poklon-umra-dzematliji-samiru-hodzicu\/"},"wordCount":97,"publisher":{"@id":"https:\/\/ibc-zh.ch\/#organization"},"image":{"@id":"https:\/\/ibc-zh.ch\/poklon-umra-dzematliji-samiru-hodzicu\/#primaryimage"},"thumbnailUrl":"https:\/\/ibc-zh.ch\/wp-content\/uploads\/2025\/12\/sabah-umra.jpeg","articleSection":["D\u017eemat"],"inLanguage":"bs-BA"},{"@type":"WebPage","@id":"https:\/\/ibc-zh.ch\/poklon-umra-dzematliji-samiru-hodzicu\/","url":"https:\/\/ibc-zh.ch\/poklon-umra-dzematliji-samiru-hodzicu\/","name":"Poklon umra d\u017eematliji Samiru Hod\u017ei\u0107u - Dzemat der islamischen Gemeinschaft Bosniens Z\u00fcrich","isPartOf":{"@id":"https:\/\/ibc-zh.ch\/#website"},"primaryImageOfPage":{"@id":"https:\/\/ibc-zh.ch\/poklon-umra-dzematliji-samiru-hodzicu\/#primaryimage"},"image":{"@id":"https:\/\/ibc-zh.ch\/poklon-umra-dzematliji-samiru-hodzicu\/#primaryimage"},"thumbnailUrl":"https:\/\/ibc-zh.ch\/wp-content\/uploads\/2025\/12\/sabah-umra.jpeg","datePublished":"2025-11-30T19:45:45+00:00","dateModified":"2025-12-02T19:48:09+00:00","breadcrumb":{"@id":"https:\/\/ibc-zh.ch\/poklon-umra-dzematliji-samiru-hodzicu\/#breadcrumb"},"inLanguage":"bs-BA","potentialAction":[{"@type":"ReadAction","target":["https:\/\/ibc-zh.ch\/poklon-umra-dzematliji-samiru-hodzicu\/"]}]},{"@type":"ImageObject","inLanguage":"bs-BA","@id":"https:\/\/ibc-zh.ch\/poklon-umra-dzematliji-samiru-hodzicu\/#primaryimage","url":"https:\/\/ibc-zh.ch\/wp-content\/uploads\/2025\/12\/sabah-umra.jpeg","contentUrl":"https:\/\/ibc-zh.ch\/wp-content\/uploads\/2025\/12\/sabah-umra.jpeg","width":2000,"height":1500},{"@type":"BreadcrumbList","@id":"https:\/\/ibc-zh.ch\/poklon-umra-dzematliji-samiru-hodzicu\/#breadcrumb","itemListElement":[{"@type":"ListItem","position":1,"name":"Startseite","item":"https:\/\/ibc-zh.ch\/"},{"@type":"ListItem","position":2,"name":"Poklon umra d\u017eematliji Samiru Hod\u017ei\u0107u"}]},{"@type":"WebSite","@id":"https:\/\/ibc-zh.ch\/#website","url":"https:\/\/ibc-zh.ch\/","name":"Dzemat der islamischen Gemeinschaft Bosniens Z\u00fcrich","description":"Islamska zajednica Bo\u0161njaka u \u0160vicarskoj Dzemat ZH","publisher":{"@id":"https:\/\/ibc-zh.ch\/#organization"},"potentialAction":[{"@type":"SearchAction","target":{"@type":"EntryPoint","urlTemplate":"https:\/\/ibc-zh.ch\/?s={search_term_string}"},"query-input":{"@type":"PropertyValueSpecification","valueRequired":true,"valueName":"search_term_string"}}],"inLanguage":"bs-BA"},{"@type":"Organization","@id":"https:\/\/ibc-zh.ch\/#organization","name":"D\u017eemat Z\u00fcrich","url":"https:\/\/ibc-zh.ch\/","logo":{"@type":"ImageObject","inLanguage":"bs-BA","@id":"https:\/\/ibc-zh.ch\/#\/schema\/logo\/image\/","url":"https:\/\/ibc-zh.ch\/wp-content\/uploads\/2024\/05\/cropped-ibc-logo.png","contentUrl":"https:\/\/ibc-zh.ch\/wp-content\/uploads\/2024\/05\/cropped-ibc-logo.png","width":300,"height":300,"caption":"D\u017eemat Z\u00fcrich"},"image":{"@id":"https:\/\/ibc-zh.ch\/#\/schema\/logo\/image\/"},"sameAs":["https:\/\/www.facebook.com\/dzematcirih"]},{"@type":"Person","@id":"https:\/\/ibc-zh.ch\/#\/schema\/person\/5f4ccac8696df901b277d8642bbfb936","name":"ibcadmin","image":{"@type":"ImageObject","inLanguage":"bs-BA","@id":"https:\/\/secure.gravatar.com\/avatar\/c759c5ecdeb38b55d8ed0e5e54ec249493995e80a34c8cba9afeda46649d9dfd?s=96&d=mm&r=g","url":"https:\/\/secure.gravatar.com\/avatar\/c759c5ecdeb38b55d8ed0e5e54ec249493995e80a34c8cba9afeda46649d9dfd?s=96&d=mm&r=g","contentUrl":"https:\/\/secure.gravatar.com\/avatar\/c759c5ecdeb38b55d8ed0e5e54ec249493995e80a34c8cba9afeda46649d9dfd?s=96&d=mm&r=g","caption":"ibcadmin"},"sameAs":["https:\/\/ibc-zh.ch\/wp"],"url":"https:\/\/ibc-zh.ch\/ba\/author\/ibcadmin\/"}]}},"_links":{"self":[{"href":"https:\/\/ibc-zh.ch\/ba\/wp-json\/wp\/v2\/posts\/2249","targetHints":{"allow":["GET"]}}],"collection":[{"href":"https:\/\/ibc-zh.ch\/ba\/wp-json\/wp\/v2\/posts"}],"about":[{"href":"https:\/\/ibc-zh.ch\/ba\/wp-json\/wp\/v2\/types\/post"}],"author":[{"embeddable":true,"href":"https:\/\/ibc-zh.ch\/ba\/wp-json\/wp\/v2\/users\/1"}],"replies":[{"embeddable":true,"href":"https:\/\/ibc-zh.ch\/ba\/wp-json\/wp\/v2\/comments?post=2249"}],"version-history":[{"count":1,"href":"https:\/\/ibc-zh.ch\/ba\/wp-json\/wp\/v2\/posts\/2249\/revisions"}],"predecessor-version":[{"id":2252,"href":"https:\/\/ibc-zh.ch\/ba\/wp-json\/wp\/v2\/posts\/2249\/revisions\/2252"}],"wp:featuredmedia":[{"embeddable":true,"href":"https:\/\/ibc-zh.ch\/ba\/wp-json\/wp\/v2\/media\/2250"}],"wp:attachment":[{"href":"https:\/\/ibc-zh.ch\/ba\/wp-json\/wp\/v2\/media?parent=2249"}],"wp:term":[{"taxonomy":"category","embeddable":true,"href":"https:\/\/ibc-zh.ch\/ba\/wp-json\/wp\/v2\/categories?post=2249"},{"taxonomy":"post_tag","embeddable":true,"href":"https:\/\/ibc-zh.ch\/ba\/wp-json\/wp\/v2\/tags?post=2249"}],"curies":[{"name":"wp","href":"https:\/\/api.w.org\/{rel}","templated":true}]}}