{"id":2240,"date":"2025-11-18T16:47:45","date_gmt":"2025-11-18T16:47:45","guid":{"rendered":"https:\/\/ibc-zh.ch\/?p=2240"},"modified":"2025-12-02T16:53:56","modified_gmt":"2025-12-02T16:53:56","slug":"cetiri-lijepa-dogadaja-u-nasem-dzematu","status":"publish","type":"post","link":"https:\/\/ibc-zh.ch\/ba\/cetiri-lijepa-dogadaja-u-nasem-dzematu\/","title":{"rendered":"\u010cetiri Lijepa Doga\u0111aja u Na\u0161em D\u017eematu"},"content":{"rendered":"<p>Esselamu alejkum. Po\u0161tovane d\u017eematlije \u017eelimo sa vama podijeliti radost i opisati \u010detiri lijepa doga\u0111aja u na\u0161em d\u017eematu u proteklim danima i sedmicama:<\/p>\n\n\n\n<ul class=\"wp-block-list\">\n<li>Predavanje i dru\u017eenje sa omladinom<\/li>\n\n\n\n<li>Radna sjednica i dru\u017eenje upravnih odbora IBC Cirih i IZBA Aargau<\/li>\n\n\n\n<li>Predavanje za d\u017eematlije Mr. Mirze-ef. Me\u0161i\u0107a imama iz Zagreba<\/li>\n\n\n\n<li>Sjednica imam IZBCH i seminar sa hfz. dr. Mensur-ef. Malki\u0107em<br>Molimo Allaha Uzvi\u0161enog da nas pomogne na putu islama. Amin.<\/li>\n<\/ul>\n\n\n\n<figure class=\"wp-block-image size-large\"><img loading=\"lazy\" decoding=\"async\" width=\"1024\" height=\"768\" src=\"https:\/\/ibc-zh.ch\/wp-content\/uploads\/2025\/12\/omladina-1024x768.jpeg\" alt=\"\" class=\"wp-image-2241\" srcset=\"https:\/\/ibc-zh.ch\/wp-content\/uploads\/2025\/12\/omladina-1024x768.jpeg 1024w, https:\/\/ibc-zh.ch\/wp-content\/uploads\/2025\/12\/omladina-300x225.jpeg 300w, https:\/\/ibc-zh.ch\/wp-content\/uploads\/2025\/12\/omladina-768x576.jpeg 768w, https:\/\/ibc-zh.ch\/wp-content\/uploads\/2025\/12\/omladina-1536x1152.jpeg 1536w, https:\/\/ibc-zh.ch\/wp-content\/uploads\/2025\/12\/omladina-16x12.jpeg 16w, https:\/\/ibc-zh.ch\/wp-content\/uploads\/2025\/12\/omladina.jpeg 2048w\" sizes=\"auto, (max-width: 1024px) 100vw, 1024px\" \/><\/figure>\n\n\n\n<figure class=\"wp-block-image size-large\"><img loading=\"lazy\" decoding=\"async\" width=\"1024\" height=\"768\" src=\"https:\/\/ibc-zh.ch\/wp-content\/uploads\/2025\/12\/izba1-1024x768.jpeg\" alt=\"\" class=\"wp-image-2244\" srcset=\"https:\/\/ibc-zh.ch\/wp-content\/uploads\/2025\/12\/izba1-1024x768.jpeg 1024w, https:\/\/ibc-zh.ch\/wp-content\/uploads\/2025\/12\/izba1-300x225.jpeg 300w, https:\/\/ibc-zh.ch\/wp-content\/uploads\/2025\/12\/izba1-768x576.jpeg 768w, https:\/\/ibc-zh.ch\/wp-content\/uploads\/2025\/12\/izba1-1536x1152.jpeg 1536w, https:\/\/ibc-zh.ch\/wp-content\/uploads\/2025\/12\/izba1-16x12.jpeg 16w, https:\/\/ibc-zh.ch\/wp-content\/uploads\/2025\/12\/izba1.jpeg 1600w\" sizes=\"auto, (max-width: 1024px) 100vw, 1024px\" \/><\/figure>\n\n\n\n<figure class=\"wp-block-image size-large\"><img loading=\"lazy\" decoding=\"async\" width=\"1024\" height=\"478\" src=\"https:\/\/ibc-zh.ch\/wp-content\/uploads\/2025\/12\/mirza-mesic-1024x478.jpeg\" alt=\"\" class=\"wp-image-2242\" srcset=\"https:\/\/ibc-zh.ch\/wp-content\/uploads\/2025\/12\/mirza-mesic-1024x478.jpeg 1024w, https:\/\/ibc-zh.ch\/wp-content\/uploads\/2025\/12\/mirza-mesic-300x140.jpeg 300w, https:\/\/ibc-zh.ch\/wp-content\/uploads\/2025\/12\/mirza-mesic-768x359.jpeg 768w, https:\/\/ibc-zh.ch\/wp-content\/uploads\/2025\/12\/mirza-mesic-1536x717.jpeg 1536w, https:\/\/ibc-zh.ch\/wp-content\/uploads\/2025\/12\/mirza-mesic-18x8.jpeg 18w, https:\/\/ibc-zh.ch\/wp-content\/uploads\/2025\/12\/mirza-mesic.jpeg 2000w\" sizes=\"auto, (max-width: 1024px) 100vw, 1024px\" \/><\/figure>\n\n\n\n<figure class=\"wp-block-image size-large\"><img loading=\"lazy\" decoding=\"async\" width=\"1024\" height=\"873\" src=\"https:\/\/ibc-zh.ch\/wp-content\/uploads\/2025\/12\/izbch-1024x873.jpeg\" alt=\"\" class=\"wp-image-2243\" srcset=\"https:\/\/ibc-zh.ch\/wp-content\/uploads\/2025\/12\/izbch-1024x873.jpeg 1024w, https:\/\/ibc-zh.ch\/wp-content\/uploads\/2025\/12\/izbch-300x256.jpeg 300w, https:\/\/ibc-zh.ch\/wp-content\/uploads\/2025\/12\/izbch-768x655.jpeg 768w, https:\/\/ibc-zh.ch\/wp-content\/uploads\/2025\/12\/izbch-1536x1310.jpeg 1536w, https:\/\/ibc-zh.ch\/wp-content\/uploads\/2025\/12\/izbch-14x12.jpeg 14w, https:\/\/ibc-zh.ch\/wp-content\/uploads\/2025\/12\/izbch.jpeg 2048w\" sizes=\"auto, (max-width: 1024px) 100vw, 1024px\" \/><\/figure>","protected":false},"excerpt":{"rendered":"<p>Esselamu alejkum. Po\u0161tovane d\u017eematlije \u017eelimo sa vama podijeliti radost i opisati \u010detiri lijepa doga\u0111aja u na\u0161em d\u017eematu u proteklim danima i sedmicama:<\/p>","protected":false},"author":1,"featured_media":2241,"comment_status":"closed","ping_status":"","sticky":false,"template":"","format":"standard","meta":{"site-sidebar-layout":"default","site-content-layout":"","ast-site-content-layout":"default","site-content-style":"default","site-sidebar-style":"default","ast-global-header-display":"","ast-banner-title-visibility":"","ast-main-header-display":"","ast-hfb-above-header-display":"","ast-hfb-below-header-display":"","ast-hfb-mobile-header-display":"","site-post-title":"","ast-breadcrumbs-content":"","ast-featured-img":"","footer-sml-layout":"","theme-transparent-header-meta":"","adv-header-id-meta":"","stick-header-meta":"","header-above-stick-meta":"","header-main-stick-meta":"","header-below-stick-meta":"","astra-migrate-meta-layouts":"set","ast-page-background-enabled":"default","ast-page-background-meta":{"desktop":{"background-color":"","background-image":"","background-repeat":"repeat","background-position":"center center","background-size":"auto","background-attachment":"scroll","background-type":"","background-media":"","overlay-type":"","overlay-color":"","overlay-opacity":"","overlay-gradient":""},"tablet":{"background-color":"","background-image":"","background-repeat":"repeat","background-position":"center center","background-size":"auto","background-attachment":"scroll","background-type":"","background-media":"","overlay-type":"","overlay-color":"","overlay-opacity":"","overlay-gradient":""},"mobile":{"background-color":"","background-image":"","background-repeat":"repeat","background-position":"center center","background-size":"auto","background-attachment":"scroll","background-type":"","background-media":"","overlay-type":"","overlay-color":"","overlay-opacity":"","overlay-gradient":""}},"ast-content-background-meta":{"desktop":{"background-color":"var(--ast-global-color-5)","background-image":"","background-repeat":"repeat","background-position":"center center","background-size":"auto","background-attachment":"scroll","background-type":"","background-media":"","overlay-type":"","overlay-color":"","overlay-opacity":"","overlay-gradient":""},"tablet":{"background-color":"var(--ast-global-color-5)","background-image":"","background-repeat":"repeat","background-position":"center center","background-size":"auto","background-attachment":"scroll","background-type":"","background-media":"","overlay-type":"","overlay-color":"","overlay-opacity":"","overlay-gradient":""},"mobile":{"background-color":"var(--ast-global-color-5)","background-image":"","background-repeat":"repeat","background-position":"center center","background-size":"auto","background-attachment":"scroll","background-type":"","background-media":"","overlay-type":"","overlay-color":"","overlay-opacity":"","overlay-gradient":""}},"footnotes":""},"categories":[75],"tags":[],"class_list":["post-2240","post","type-post","status-publish","format-standard","has-post-thumbnail","hentry","category-dzemat"],"yoast_head":"<!-- This site is optimized with the Yoast SEO plugin v27.3 - https:\/\/yoast.com\/product\/yoast-seo-wordpress\/ -->\n<title>\u010cetiri Lijepa Doga\u0111aja u Na\u0161em D\u017eematu - Dzemat der islamischen Gemeinschaft Bosniens Z\u00fcrich<\/title>\n<meta name=\"robots\" content=\"index, follow, max-snippet:-1, max-image-preview:large, max-video-preview:-1\" \/>\n<link rel=\"canonical\" href=\"https:\/\/ibc-zh.ch\/ba\/cetiri-lijepa-dogadaja-u-nasem-dzematu\/\" \/>\n<meta property=\"og:locale\" content=\"bs_BA\" \/>\n<meta property=\"og:type\" content=\"article\" \/>\n<meta property=\"og:title\" content=\"\u010cetiri Lijepa Doga\u0111aja u Na\u0161em D\u017eematu - Dzemat der islamischen Gemeinschaft Bosniens Z\u00fcrich\" \/>\n<meta property=\"og:description\" content=\"Esselamu alejkum. Po\u0161tovane d\u017eematlije \u017eelimo sa vama podijeliti radost i opisati \u010detiri lijepa doga\u0111aja u na\u0161em d\u017eematu u proteklim danima i sedmicama:\" \/>\n<meta property=\"og:url\" content=\"https:\/\/ibc-zh.ch\/ba\/cetiri-lijepa-dogadaja-u-nasem-dzematu\/\" \/>\n<meta property=\"og:site_name\" content=\"Dzemat der islamischen Gemeinschaft Bosniens Z\u00fcrich\" \/>\n<meta property=\"article:publisher\" content=\"https:\/\/www.facebook.com\/dzematcirih\" \/>\n<meta property=\"article:published_time\" content=\"2025-11-18T16:47:45+00:00\" \/>\n<meta property=\"article:modified_time\" content=\"2025-12-02T16:53:56+00:00\" \/>\n<meta property=\"og:image\" content=\"https:\/\/ibc-zh.ch\/wp-content\/uploads\/2025\/12\/omladina.jpeg\" \/>\n\t<meta property=\"og:image:width\" content=\"2048\" \/>\n\t<meta property=\"og:image:height\" content=\"1536\" \/>\n\t<meta property=\"og:image:type\" content=\"image\/jpeg\" \/>\n<meta name=\"author\" content=\"ibcadmin\" \/>\n<meta name=\"twitter:card\" content=\"summary_large_image\" \/>\n<meta name=\"twitter:label1\" content=\"Written by\" \/>\n\t<meta name=\"twitter:data1\" content=\"ibcadmin\" \/>\n<script type=\"application\/ld+json\" class=\"yoast-schema-graph\">{\"@context\":\"https:\\\/\\\/schema.org\",\"@graph\":[{\"@type\":\"Article\",\"@id\":\"https:\\\/\\\/ibc-zh.ch\\\/ba\\\/cetiri-lijepa-dogadaja-u-nasem-dzematu\\\/#article\",\"isPartOf\":{\"@id\":\"https:\\\/\\\/ibc-zh.ch\\\/ba\\\/cetiri-lijepa-dogadaja-u-nasem-dzematu\\\/\"},\"author\":{\"name\":\"ibcadmin\",\"@id\":\"https:\\\/\\\/ibc-zh.ch\\\/#\\\/schema\\\/person\\\/5f4ccac8696df901b277d8642bbfb936\"},\"headline\":\"\u010cetiri Lijepa Doga\u0111aja u Na\u0161em D\u017eematu\",\"datePublished\":\"2025-11-18T16:47:45+00:00\",\"dateModified\":\"2025-12-02T16:53:56+00:00\",\"mainEntityOfPage\":{\"@id\":\"https:\\\/\\\/ibc-zh.ch\\\/ba\\\/cetiri-lijepa-dogadaja-u-nasem-dzematu\\\/\"},\"wordCount\":87,\"publisher\":{\"@id\":\"https:\\\/\\\/ibc-zh.ch\\\/#organization\"},\"image\":{\"@id\":\"https:\\\/\\\/ibc-zh.ch\\\/ba\\\/cetiri-lijepa-dogadaja-u-nasem-dzematu\\\/#primaryimage\"},\"thumbnailUrl\":\"https:\\\/\\\/ibc-zh.ch\\\/wp-content\\\/uploads\\\/2025\\\/12\\\/omladina.jpeg\",\"articleSection\":[\"D\u017eemat\"],\"inLanguage\":\"bs-BA\"},{\"@type\":\"WebPage\",\"@id\":\"https:\\\/\\\/ibc-zh.ch\\\/ba\\\/cetiri-lijepa-dogadaja-u-nasem-dzematu\\\/\",\"url\":\"https:\\\/\\\/ibc-zh.ch\\\/ba\\\/cetiri-lijepa-dogadaja-u-nasem-dzematu\\\/\",\"name\":\"\u010cetiri Lijepa Doga\u0111aja u Na\u0161em D\u017eematu - Dzemat der islamischen Gemeinschaft Bosniens Z\u00fcrich\",\"isPartOf\":{\"@id\":\"https:\\\/\\\/ibc-zh.ch\\\/#website\"},\"primaryImageOfPage\":{\"@id\":\"https:\\\/\\\/ibc-zh.ch\\\/ba\\\/cetiri-lijepa-dogadaja-u-nasem-dzematu\\\/#primaryimage\"},\"image\":{\"@id\":\"https:\\\/\\\/ibc-zh.ch\\\/ba\\\/cetiri-lijepa-dogadaja-u-nasem-dzematu\\\/#primaryimage\"},\"thumbnailUrl\":\"https:\\\/\\\/ibc-zh.ch\\\/wp-content\\\/uploads\\\/2025\\\/12\\\/omladina.jpeg\",\"datePublished\":\"2025-11-18T16:47:45+00:00\",\"dateModified\":\"2025-12-02T16:53:56+00:00\",\"breadcrumb\":{\"@id\":\"https:\\\/\\\/ibc-zh.ch\\\/ba\\\/cetiri-lijepa-dogadaja-u-nasem-dzematu\\\/#breadcrumb\"},\"inLanguage\":\"bs-BA\",\"potentialAction\":[{\"@type\":\"ReadAction\",\"target\":[\"https:\\\/\\\/ibc-zh.ch\\\/ba\\\/cetiri-lijepa-dogadaja-u-nasem-dzematu\\\/\"]}]},{\"@type\":\"ImageObject\",\"inLanguage\":\"bs-BA\",\"@id\":\"https:\\\/\\\/ibc-zh.ch\\\/ba\\\/cetiri-lijepa-dogadaja-u-nasem-dzematu\\\/#primaryimage\",\"url\":\"https:\\\/\\\/ibc-zh.ch\\\/wp-content\\\/uploads\\\/2025\\\/12\\\/omladina.jpeg\",\"contentUrl\":\"https:\\\/\\\/ibc-zh.ch\\\/wp-content\\\/uploads\\\/2025\\\/12\\\/omladina.jpeg\",\"width\":2048,\"height\":1536},{\"@type\":\"BreadcrumbList\",\"@id\":\"https:\\\/\\\/ibc-zh.ch\\\/ba\\\/cetiri-lijepa-dogadaja-u-nasem-dzematu\\\/#breadcrumb\",\"itemListElement\":[{\"@type\":\"ListItem\",\"position\":1,\"name\":\"Startseite\",\"item\":\"https:\\\/\\\/ibc-zh.ch\\\/\"},{\"@type\":\"ListItem\",\"position\":2,\"name\":\"\u010cetiri Lijepa Doga\u0111aja u Na\u0161em D\u017eematu\"}]},{\"@type\":\"WebSite\",\"@id\":\"https:\\\/\\\/ibc-zh.ch\\\/#website\",\"url\":\"https:\\\/\\\/ibc-zh.ch\\\/\",\"name\":\"Dzemat der islamischen Gemeinschaft Bosniens Z\u00fcrich\",\"description\":\"Islamska zajednica Bo\u0161njaka u \u0160vicarskoj Dzemat ZH\",\"publisher\":{\"@id\":\"https:\\\/\\\/ibc-zh.ch\\\/#organization\"},\"potentialAction\":[{\"@type\":\"SearchAction\",\"target\":{\"@type\":\"EntryPoint\",\"urlTemplate\":\"https:\\\/\\\/ibc-zh.ch\\\/?s={search_term_string}\"},\"query-input\":{\"@type\":\"PropertyValueSpecification\",\"valueRequired\":true,\"valueName\":\"search_term_string\"}}],\"inLanguage\":\"bs-BA\"},{\"@type\":\"Organization\",\"@id\":\"https:\\\/\\\/ibc-zh.ch\\\/#organization\",\"name\":\"D\u017eemat Z\u00fcrich\",\"url\":\"https:\\\/\\\/ibc-zh.ch\\\/\",\"logo\":{\"@type\":\"ImageObject\",\"inLanguage\":\"bs-BA\",\"@id\":\"https:\\\/\\\/ibc-zh.ch\\\/#\\\/schema\\\/logo\\\/image\\\/\",\"url\":\"https:\\\/\\\/ibc-zh.ch\\\/wp-content\\\/uploads\\\/2024\\\/05\\\/cropped-ibc-logo.png\",\"contentUrl\":\"https:\\\/\\\/ibc-zh.ch\\\/wp-content\\\/uploads\\\/2024\\\/05\\\/cropped-ibc-logo.png\",\"width\":300,\"height\":300,\"caption\":\"D\u017eemat Z\u00fcrich\"},\"image\":{\"@id\":\"https:\\\/\\\/ibc-zh.ch\\\/#\\\/schema\\\/logo\\\/image\\\/\"},\"sameAs\":[\"https:\\\/\\\/www.facebook.com\\\/dzematcirih\"]},{\"@type\":\"Person\",\"@id\":\"https:\\\/\\\/ibc-zh.ch\\\/#\\\/schema\\\/person\\\/5f4ccac8696df901b277d8642bbfb936\",\"name\":\"ibcadmin\",\"image\":{\"@type\":\"ImageObject\",\"inLanguage\":\"bs-BA\",\"@id\":\"https:\\\/\\\/secure.gravatar.com\\\/avatar\\\/c759c5ecdeb38b55d8ed0e5e54ec249493995e80a34c8cba9afeda46649d9dfd?s=96&d=mm&r=g\",\"url\":\"https:\\\/\\\/secure.gravatar.com\\\/avatar\\\/c759c5ecdeb38b55d8ed0e5e54ec249493995e80a34c8cba9afeda46649d9dfd?s=96&d=mm&r=g\",\"contentUrl\":\"https:\\\/\\\/secure.gravatar.com\\\/avatar\\\/c759c5ecdeb38b55d8ed0e5e54ec249493995e80a34c8cba9afeda46649d9dfd?s=96&d=mm&r=g\",\"caption\":\"ibcadmin\"},\"sameAs\":[\"https:\\\/\\\/ibc-zh.ch\\\/wp\"],\"url\":\"https:\\\/\\\/ibc-zh.ch\\\/ba\\\/author\\\/ibcadmin\\\/\"}]}<\/script>\n<!-- \/ Yoast SEO plugin. -->","yoast_head_json":{"title":"\u010cetiri Lijepa Doga\u0111aja u Na\u0161em D\u017eematu - Dzemat der islamischen Gemeinschaft Bosniens Z\u00fcrich","robots":{"index":"index","follow":"follow","max-snippet":"max-snippet:-1","max-image-preview":"max-image-preview:large","max-video-preview":"max-video-preview:-1"},"canonical":"https:\/\/ibc-zh.ch\/ba\/cetiri-lijepa-dogadaja-u-nasem-dzematu\/","og_locale":"bs_BA","og_type":"article","og_title":"\u010cetiri Lijepa Doga\u0111aja u Na\u0161em D\u017eematu - Dzemat der islamischen Gemeinschaft Bosniens Z\u00fcrich","og_description":"Esselamu alejkum. Po\u0161tovane d\u017eematlije \u017eelimo sa vama podijeliti radost i opisati \u010detiri lijepa doga\u0111aja u na\u0161em d\u017eematu u proteklim danima i sedmicama:","og_url":"https:\/\/ibc-zh.ch\/ba\/cetiri-lijepa-dogadaja-u-nasem-dzematu\/","og_site_name":"Dzemat der islamischen Gemeinschaft Bosniens Z\u00fcrich","article_publisher":"https:\/\/www.facebook.com\/dzematcirih","article_published_time":"2025-11-18T16:47:45+00:00","article_modified_time":"2025-12-02T16:53:56+00:00","og_image":[{"width":2048,"height":1536,"url":"https:\/\/ibc-zh.ch\/wp-content\/uploads\/2025\/12\/omladina.jpeg","type":"image\/jpeg"}],"author":"ibcadmin","twitter_card":"summary_large_image","twitter_misc":{"Written by":"ibcadmin"},"schema":{"@context":"https:\/\/schema.org","@graph":[{"@type":"Article","@id":"https:\/\/ibc-zh.ch\/ba\/cetiri-lijepa-dogadaja-u-nasem-dzematu\/#article","isPartOf":{"@id":"https:\/\/ibc-zh.ch\/ba\/cetiri-lijepa-dogadaja-u-nasem-dzematu\/"},"author":{"name":"ibcadmin","@id":"https:\/\/ibc-zh.ch\/#\/schema\/person\/5f4ccac8696df901b277d8642bbfb936"},"headline":"\u010cetiri Lijepa Doga\u0111aja u Na\u0161em D\u017eematu","datePublished":"2025-11-18T16:47:45+00:00","dateModified":"2025-12-02T16:53:56+00:00","mainEntityOfPage":{"@id":"https:\/\/ibc-zh.ch\/ba\/cetiri-lijepa-dogadaja-u-nasem-dzematu\/"},"wordCount":87,"publisher":{"@id":"https:\/\/ibc-zh.ch\/#organization"},"image":{"@id":"https:\/\/ibc-zh.ch\/ba\/cetiri-lijepa-dogadaja-u-nasem-dzematu\/#primaryimage"},"thumbnailUrl":"https:\/\/ibc-zh.ch\/wp-content\/uploads\/2025\/12\/omladina.jpeg","articleSection":["D\u017eemat"],"inLanguage":"bs-BA"},{"@type":"WebPage","@id":"https:\/\/ibc-zh.ch\/ba\/cetiri-lijepa-dogadaja-u-nasem-dzematu\/","url":"https:\/\/ibc-zh.ch\/ba\/cetiri-lijepa-dogadaja-u-nasem-dzematu\/","name":"\u010cetiri Lijepa Doga\u0111aja u Na\u0161em D\u017eematu - Dzemat der islamischen Gemeinschaft Bosniens Z\u00fcrich","isPartOf":{"@id":"https:\/\/ibc-zh.ch\/#website"},"primaryImageOfPage":{"@id":"https:\/\/ibc-zh.ch\/ba\/cetiri-lijepa-dogadaja-u-nasem-dzematu\/#primaryimage"},"image":{"@id":"https:\/\/ibc-zh.ch\/ba\/cetiri-lijepa-dogadaja-u-nasem-dzematu\/#primaryimage"},"thumbnailUrl":"https:\/\/ibc-zh.ch\/wp-content\/uploads\/2025\/12\/omladina.jpeg","datePublished":"2025-11-18T16:47:45+00:00","dateModified":"2025-12-02T16:53:56+00:00","breadcrumb":{"@id":"https:\/\/ibc-zh.ch\/ba\/cetiri-lijepa-dogadaja-u-nasem-dzematu\/#breadcrumb"},"inLanguage":"bs-BA","potentialAction":[{"@type":"ReadAction","target":["https:\/\/ibc-zh.ch\/ba\/cetiri-lijepa-dogadaja-u-nasem-dzematu\/"]}]},{"@type":"ImageObject","inLanguage":"bs-BA","@id":"https:\/\/ibc-zh.ch\/ba\/cetiri-lijepa-dogadaja-u-nasem-dzematu\/#primaryimage","url":"https:\/\/ibc-zh.ch\/wp-content\/uploads\/2025\/12\/omladina.jpeg","contentUrl":"https:\/\/ibc-zh.ch\/wp-content\/uploads\/2025\/12\/omladina.jpeg","width":2048,"height":1536},{"@type":"BreadcrumbList","@id":"https:\/\/ibc-zh.ch\/ba\/cetiri-lijepa-dogadaja-u-nasem-dzematu\/#breadcrumb","itemListElement":[{"@type":"ListItem","position":1,"name":"Startseite","item":"https:\/\/ibc-zh.ch\/"},{"@type":"ListItem","position":2,"name":"\u010cetiri Lijepa Doga\u0111aja u Na\u0161em D\u017eematu"}]},{"@type":"WebSite","@id":"https:\/\/ibc-zh.ch\/#website","url":"https:\/\/ibc-zh.ch\/","name":"Dzemat der islamischen Gemeinschaft Bosniens Z\u00fcrich","description":"Islamska zajednica Bo\u0161njaka u \u0160vicarskoj Dzemat ZH","publisher":{"@id":"https:\/\/ibc-zh.ch\/#organization"},"potentialAction":[{"@type":"SearchAction","target":{"@type":"EntryPoint","urlTemplate":"https:\/\/ibc-zh.ch\/?s={search_term_string}"},"query-input":{"@type":"PropertyValueSpecification","valueRequired":true,"valueName":"search_term_string"}}],"inLanguage":"bs-BA"},{"@type":"Organization","@id":"https:\/\/ibc-zh.ch\/#organization","name":"D\u017eemat Z\u00fcrich","url":"https:\/\/ibc-zh.ch\/","logo":{"@type":"ImageObject","inLanguage":"bs-BA","@id":"https:\/\/ibc-zh.ch\/#\/schema\/logo\/image\/","url":"https:\/\/ibc-zh.ch\/wp-content\/uploads\/2024\/05\/cropped-ibc-logo.png","contentUrl":"https:\/\/ibc-zh.ch\/wp-content\/uploads\/2024\/05\/cropped-ibc-logo.png","width":300,"height":300,"caption":"D\u017eemat Z\u00fcrich"},"image":{"@id":"https:\/\/ibc-zh.ch\/#\/schema\/logo\/image\/"},"sameAs":["https:\/\/www.facebook.com\/dzematcirih"]},{"@type":"Person","@id":"https:\/\/ibc-zh.ch\/#\/schema\/person\/5f4ccac8696df901b277d8642bbfb936","name":"ibcadmin","image":{"@type":"ImageObject","inLanguage":"bs-BA","@id":"https:\/\/secure.gravatar.com\/avatar\/c759c5ecdeb38b55d8ed0e5e54ec249493995e80a34c8cba9afeda46649d9dfd?s=96&d=mm&r=g","url":"https:\/\/secure.gravatar.com\/avatar\/c759c5ecdeb38b55d8ed0e5e54ec249493995e80a34c8cba9afeda46649d9dfd?s=96&d=mm&r=g","contentUrl":"https:\/\/secure.gravatar.com\/avatar\/c759c5ecdeb38b55d8ed0e5e54ec249493995e80a34c8cba9afeda46649d9dfd?s=96&d=mm&r=g","caption":"ibcadmin"},"sameAs":["https:\/\/ibc-zh.ch\/wp"],"url":"https:\/\/ibc-zh.ch\/ba\/author\/ibcadmin\/"}]}},"_links":{"self":[{"href":"https:\/\/ibc-zh.ch\/ba\/wp-json\/wp\/v2\/posts\/2240","targetHints":{"allow":["GET"]}}],"collection":[{"href":"https:\/\/ibc-zh.ch\/ba\/wp-json\/wp\/v2\/posts"}],"about":[{"href":"https:\/\/ibc-zh.ch\/ba\/wp-json\/wp\/v2\/types\/post"}],"author":[{"embeddable":true,"href":"https:\/\/ibc-zh.ch\/ba\/wp-json\/wp\/v2\/users\/1"}],"replies":[{"embeddable":true,"href":"https:\/\/ibc-zh.ch\/ba\/wp-json\/wp\/v2\/comments?post=2240"}],"version-history":[{"count":1,"href":"https:\/\/ibc-zh.ch\/ba\/wp-json\/wp\/v2\/posts\/2240\/revisions"}],"predecessor-version":[{"id":2245,"href":"https:\/\/ibc-zh.ch\/ba\/wp-json\/wp\/v2\/posts\/2240\/revisions\/2245"}],"wp:featuredmedia":[{"embeddable":true,"href":"https:\/\/ibc-zh.ch\/ba\/wp-json\/wp\/v2\/media\/2241"}],"wp:attachment":[{"href":"https:\/\/ibc-zh.ch\/ba\/wp-json\/wp\/v2\/media?parent=2240"}],"wp:term":[{"taxonomy":"category","embeddable":true,"href":"https:\/\/ibc-zh.ch\/ba\/wp-json\/wp\/v2\/categories?post=2240"},{"taxonomy":"post_tag","embeddable":true,"href":"https:\/\/ibc-zh.ch\/ba\/wp-json\/wp\/v2\/tags?post=2240"}],"curies":[{"name":"wp","href":"https:\/\/api.w.org\/{rel}","templated":true}]}}